{"id":2824,"__str__":"Parecer - Parecer Jur\u00eddico n\u00ba385/2021 de 22/11/2021 por Jos\u00e9 Reus dos Santos","link_detail_backend":"/materia/documentoacessorio/2824","metadata":{},"nome":"Parecer Jur\u00eddico n\u00ba385/2021","data":"2021-11-22","autor":"Jos\u00e9 Reus dos Santos","ementa":"PL n\u00ba162/21 \u2013 Atendimento preferencial \u00e0s pessoas com fibromialgia","indexacao":"obrigatoriedade; organismos e entidades p\u00fablicas municipais; atendimento preferencial;  enfermidade; fibromialgia; manifesta\u00e7\u00f5es deste departamento; ilegitimidade parlamentar; in\u00edcio da mat\u00e9ria no poder legislativo; tramita\u00e7\u00e3o invi\u00e1vel; novas  atribui\u00e7\u00f5es aos \u00f3rg\u00e3os e entidades da Administra\u00e7\u00e3o do Munic\u00edpio; compet\u00eancias privativas; reserva do Chefe do Poder Executivo; desobedi\u00eancia ao princ\u00edpio da separa\u00e7\u00e3o dos poderes;  art.2\u00ba, CF/88; mat\u00e9ria carece da demonstra\u00e7\u00e3o da predomin\u00e2ncia do interesse local; art.30, I;  ratifica\u00e7\u00e3o pela inviabilidade da tramita\u00e7\u00e3o do expediente;  interesse local.","arquivo":"http://sapl.fozdoiguacu.pr.leg.br/media/sapl/public/documentoacessorio/2021/2824/parecer_385.2021_-_pl_162.fibromialgia.pdf","data_ultima_atualizacao":"2021-11-22T09:07:44.596570-03:00","materia":17503,"tipo":19}