{"id":3050,"__str__":"Parecer - Parecer Jur\u00eddico n\u00ba029/2022 de 26/01/2022 por Jos\u00e9 Reus dos Santos","link_detail_backend":"/materia/documentoacessorio/3050","metadata":{},"nome":"Parecer Jur\u00eddico n\u00ba029/2022","data":"2022-01-26","autor":"Jos\u00e9 Reus dos Santos","ementa":"PL n\u00ba177/21 \u2013 Proibi\u00e7\u00e3o da produ\u00e7\u00e3o de mudas e o plantio da esp\u00e9cie Spathodea Campanulata no munic\u00edpio de Foz do Igua\u00e7u","indexacao":"proibi\u00e7\u00e3o; erradica\u00e7\u00e3o; \u00e1rvore; esp\u00e9cie Spathodea Campanulata; utilidade p\u00fablica; meio-ambiente; \u201cEspat\u00f3dea\u201d; \u201cBisnagueira\u201d; grande porte; esp\u00e9cie ex\u00f3tica; invasora; abelhas nativas (mel\u00edponas); produ\u00e7\u00e3o; plantio de mudas; impedir; desenvolvimento da fauna nativa local; proposi\u00e7\u00e3o; artigo 23, inciso VI, da Constitui\u00e7\u00e3o Federal; Uni\u00e3o, estados e munic\u00edpios; legitimidade; defesa do meio ambiente; proteger o meio ambiente e combater a polui\u00e7\u00e3o em qualquer de suas formas;  Portaria n\u00ba59/2015, do IAP \u2013 Instituto Ambiental do Paran\u00e1; preju\u00edzo da fauna e da flora nativa; Lei Estadual catarinense n\u00ba17.694/2019; Resende/RJ; Itu/SP; Indaial/SC; Pomerode/SC; Crici\u00fama; Itaja\u00ed.","arquivo":"http://sapl.fozdoiguacu.pr.leg.br/media/sapl/public/documentoacessorio/2021/3050/parecer_029.2022_-_pl_177.spathodea_campanulata.pdf","data_ultima_atualizacao":"2022-01-26T12:25:20.877588-03:00","materia":18043,"tipo":19}