{"id":540,"__str__":"Parecer - Jur\u00eddico de 04/10/2019 por Jos\u00e9 Reus dos Santos","link_detail_backend":"/materia/documentoacessorio/540","metadata":{},"nome":"Jur\u00eddico","data":"2019-10-04","autor":"Jos\u00e9 Reus dos Santos","ementa":"","indexacao":"","arquivo":"http://sapl.fozdoiguacu.pr.leg.br/media/sapl/public/documentoacessorio/2019/540/parecer_juridico_ao_pdl_08.pdf","data_ultima_atualizacao":"2019-10-14T11:20:12.710778-03:00","materia":6064,"tipo":19}