{"id":1436,"__str__":"Indica\u00e7\u00e3o n\u00ba 372 de 2019","link_detail_backend":"/materia/1436","metadata":{},"numero":372,"ano":2019,"numero_protocolo":null,"data_apresentacao":"2019-02-27","tipo_apresentacao":"","data_publicacao":null,"numero_origem_externa":"","ano_origem_externa":null,"data_origem_externa":null,"apelido":"","dias_prazo":null,"data_fim_prazo":null,"em_tramitacao":false,"polemica":null,"objeto":"","complementar":null,"ementa":"Indica ao Prefeito Municipal a realiza\u00e7\u00e3o de empr\u00e9stimo ou loca\u00e7\u00e3o do Centro de Conviv\u00eancia do Idoso \u2013 Afra Roth, na Rua Piquiri, no Bairro Campos do Igua\u00e7u.","indexacao":"realiza\u00e7\u00e3o de empr\u00e9stimo ou loca\u00e7\u00e3o do Centro de Conviv\u00eancia do Idoso \u2013 Afra Roth, na Rua Piquiri, no Bairro Campos do Igua\u00e7u.","observacao":"","resultado":"","texto_original":"http://sapl.fozdoiguacu.pr.leg.br/media/sapl/public/materialegislativa/2019/1436/372_-_2019_-_rogerio_quadros_-_emprestimo_ou_lo_8gAuSiz.pdf","data_ultima_atualizacao":"2019-08-20T09:55:08.210283-03:00","ip":"","ultima_edicao":null,"tipo":1,"regime_tramitacao":1,"tipo_origem_externa":null,"local_origem_externa":null,"user":null,"anexadas":[2229],"autores":[60]}