{"id":17344,"__str__":"Indica\u00e7\u00e3o n\u00ba 2828 de 2021","link_detail_backend":"/materia/17344","metadata":{},"numero":2828,"ano":2021,"numero_protocolo":null,"data_apresentacao":"2021-10-13","tipo_apresentacao":"","data_publicacao":null,"numero_origem_externa":"","ano_origem_externa":null,"data_origem_externa":null,"apelido":"","dias_prazo":null,"data_fim_prazo":null,"em_tramitacao":true,"polemica":false,"objeto":"","complementar":false,"ementa":"Indica ao Diretor-Superintendente do FOZTRANS a sincroniza\u00e7\u00e3o dos sem\u00e1foros da Avenida Jorge Schimmelpfeng, no Centro.","indexacao":"sincroniza\u00e7\u00e3o dos sem\u00e1foros da Avenida Jorge Schimmelpfeng, no Centro.","observacao":"","resultado":"","texto_original":"http://sapl.fozdoiguacu.pr.leg.br/media/sapl/public/materialegislativa/2021/17344/2828_-_2021_ass.pdf","data_ultima_atualizacao":"2021-10-19T12:39:34.281981-03:00","ip":"187.49.83.154","ultima_edicao":"2021-10-18T12:12:32.441676-03:00","tipo":1,"regime_tramitacao":1,"tipo_origem_externa":null,"local_origem_externa":null,"user":24,"anexadas":[],"autores":[202]}