{"id":20322,"__str__":"Projeto de Lei n\u00ba 31 de 2022","link_detail_backend":"/materia/20322","metadata":{},"numero":31,"ano":2022,"numero_protocolo":null,"data_apresentacao":"2022-03-08","tipo_apresentacao":"","data_publicacao":null,"numero_origem_externa":"","ano_origem_externa":null,"data_origem_externa":null,"apelido":"","dias_prazo":null,"data_fim_prazo":null,"em_tramitacao":false,"polemica":false,"objeto":"","complementar":false,"ementa":"Estabelece como facultativo o uso de m\u00e1scaras faciais em ambientes cobertos com boa circula\u00e7\u00e3o de ar, em ambientes abertos e na realiza\u00e7\u00e3o de atividades ao ar livre, assim como na pr\u00e1tica de esportes, durante o per\u00edodo de infec\u00e7\u00e3o do COVID-19.","indexacao":"uso m\u00e1scaras faciais ambientes cobertos circula\u00e7\u00e3o ar abertos atividades esportes infec\u00e7\u00e3o covid-19 faculta facultativo distanciamento","observacao":"","resultado":"","texto_original":"http://sapl.fozdoiguacu.pr.leg.br/media/sapl/public/materialegislativa/2022/20322/31_-_2022_-_cassol_-_uso_de_mascaras_ass.pdf","data_ultima_atualizacao":"2022-04-12T09:05:51.007791-03:00","ip":"187.49.83.154","ultima_edicao":"2022-03-16T10:05:00.391500-03:00","tipo":6,"regime_tramitacao":1,"tipo_origem_externa":null,"local_origem_externa":null,"user":14,"anexadas":[20503],"autores":[198,199,126,200,202,201,203,204,205,206,208,209,207]}