{"id":31118,"__str__":"Requerimento n\u00ba 1148 de 2022","link_detail_backend":"/materia/31118","metadata":{},"numero":1148,"ano":2022,"numero_protocolo":null,"data_apresentacao":"2022-10-31","tipo_apresentacao":"","data_publicacao":null,"numero_origem_externa":"","ano_origem_externa":null,"data_origem_externa":null,"apelido":"","dias_prazo":null,"data_fim_prazo":null,"em_tramitacao":false,"polemica":false,"objeto":"","complementar":false,"ementa":"Requer a convoca\u00e7\u00e3o do Presidente da Comiss\u00e3o Especial constitu\u00edda pelo Decreto n\u00ba 30.802, de 26 de outubro de 2022, Sr. Fernando Castro da Silva Maraninchi, conforme especifica.","indexacao":"fulcro no art. 12, XVII da Lei Org\u00e2nica do Munic\u00edpio e no art. 152, VIII, do Regimento Interno desta Casa de Leis, o envio de convoca\u00e7\u00e3o ao Presidente da Comiss\u00e3o Especial constitu\u00edda pelo Decreto n\u00ba 30.802, de 26 de outubro de 2022, Sr. Fernando Castro da Silva Maraninchi, a fim de que compare\u00e7a \u00e0 C\u00e2mara Municipal na 5\u00aa Sess\u00e3o Ordin\u00e1ria do m\u00eas de novembro do corrente ano, que ser\u00e1 realizada no dia 9 de novembro de 2022,  para prestar esclarecimentos sobre o Projeto de Lei Complementar n\u00ba 21/2022 \u2013 Mensagem n\u00ba 087/2022, que \u201cDisp\u00f5e sobre a presta\u00e7\u00e3o dos servi\u00e7os de transporte coletivo no Munic\u00edpio de Foz do Igua\u00e7u e d\u00e1 outras provid\u00eancias\u201d, protocolado nesta C\u00e2mara Municipal em 27/11/2022.","observacao":"","resultado":"","texto_original":"http://sapl.fozdoiguacu.pr.leg.br/media/sapl/public/materialegislativa/2022/31118/1148_-_2022_-_ass.pdf","data_ultima_atualizacao":"2022-12-16T10:22:03.081799-03:00","ip":"187.49.83.154","ultima_edicao":"2022-11-03T11:14:22.073566-03:00","tipo":2,"regime_tramitacao":1,"tipo_origem_externa":null,"local_origem_externa":null,"user":5,"anexadas":[31674,32730],"autores":[201,208]}