{"id":32279,"__str__":"Indica\u00e7\u00e3o n\u00ba 2393 de 2022","link_detail_backend":"/materia/32279","metadata":{},"numero":2393,"ano":2022,"numero_protocolo":null,"data_apresentacao":"2022-12-02","tipo_apresentacao":"","data_publicacao":null,"numero_origem_externa":"","ano_origem_externa":null,"data_origem_externa":null,"apelido":"","dias_prazo":null,"data_fim_prazo":null,"em_tramitacao":true,"polemica":false,"objeto":"","complementar":false,"ementa":"Indica ao Diretor-Superintendente do FOZTRANS melhorias na sinaliza\u00e7\u00e3o vi\u00e1ria vertical e horizontal na Avenida Juscelino Kubitscheck, 387, no Centro, especialmente a pintura da faixa de pedestres.","indexacao":"melhorias na sinaliza\u00e7\u00e3o vi\u00e1ria vertical e horizontal na Avenida Juscelino Kubitscheck, 387, no Centro, especialmente a pintura da faixa de pedestres.","observacao":"","resultado":"","texto_original":"http://sapl.fozdoiguacu.pr.leg.br/media/sapl/public/materialegislativa/2022/32279/2393_-_2022_-_ass.pdf","data_ultima_atualizacao":"2025-08-14T08:46:43.315558-03:00","ip":"45.168.250.249","ultima_edicao":"2022-12-05T11:36:27.733014-03:00","tipo":1,"regime_tramitacao":1,"tipo_origem_externa":null,"local_origem_externa":null,"user":5,"anexadas":[],"autores":[202]}