{"id":33931,"__str__":"Emenda n\u00ba 3 de 2023","link_detail_backend":"/materia/33931","metadata":{},"numero":3,"ano":2023,"numero_protocolo":null,"data_apresentacao":"2023-02-03","tipo_apresentacao":"","data_publicacao":null,"numero_origem_externa":"","ano_origem_externa":null,"data_origem_externa":null,"apelido":"","dias_prazo":null,"data_fim_prazo":null,"em_tramitacao":true,"polemica":false,"objeto":"","complementar":false,"ementa":"Emenda Modificativa ao Projeto de Lei Complementar n\u00b0 14/2022, de autoria da Vereadora Protetora Carol Dedonatti, que \"Acresce dispositivos \u00e0 Lei Complementar n\u00ba 342, de 18 de dezembro de 2020, que 'Disp\u00f5e sobre a Pol\u00edtica de Prote\u00e7\u00e3o, Preserva\u00e7\u00e3o, Controle, Conserva\u00e7\u00e3o e Recupera\u00e7\u00e3o do Meio Ambiente no Munic\u00edpio de Foz do Igua\u00e7u e d\u00e1 outras provid\u00eancias'\u201d.","indexacao":"Emenda Modificativa ao Projeto de Lei Complementar n\u00b0 14/2022, de autoria da Vereadora Protetora Carol Dedonatti, que \"Acresce dispositivos \u00e0 Lei Complementar n\u00ba 342, de 18 de dezembro de 2020, que 'Disp\u00f5e sobre a Pol\u00edtica de Prote\u00e7\u00e3o, Preserva\u00e7\u00e3o, Controle, Conserva\u00e7\u00e3o e Recupera\u00e7\u00e3o do Meio Ambiente no Munic\u00edpio de Foz do Igua\u00e7u e d\u00e1 outras provid\u00eancias'\u201d.","observacao":"","resultado":"","texto_original":"http://sapl.fozdoiguacu.pr.leg.br/media/sapl/public/materialegislativa/2023/33931/emenda_3-2023_plc_14-2022.pdf","data_ultima_atualizacao":"2025-04-07T13:13:36.419470-03:00","ip":"45.168.250.249","ultima_edicao":"2023-08-04T09:19:12.236541-03:00","tipo":12,"regime_tramitacao":1,"tipo_origem_externa":null,"local_origem_externa":null,"user":27,"anexadas":[],"autores":[209]}