{"id":39719,"__str__":"Projeto de Lei Complementar n\u00ba 18 de 2023","link_detail_backend":"/materia/39719","metadata":{},"numero":18,"ano":2023,"numero_protocolo":null,"data_apresentacao":"2023-10-06","tipo_apresentacao":"","data_publicacao":null,"numero_origem_externa":"066","ano_origem_externa":2023,"data_origem_externa":"2023-10-05","apelido":"","dias_prazo":null,"data_fim_prazo":null,"em_tramitacao":false,"polemica":false,"objeto":"","complementar":false,"ementa":"Institui o Programa de Recupera\u00e7\u00e3o Fiscal de Foz do Igua\u00e7u \u2013 REFIS II - 2023, na forma que espec\u00edfica. \r\nMensagem n\u00ba 066/2023","indexacao":"Institui o Programa de Recupera\u00e7\u00e3o Fiscal de Foz do Igua\u00e7u \u2013 REFIS II - 2023, na forma que espec\u00edfica. \r\nMensagem n\u00ba 066/2023\r\ntribut\u00e1rio tributo uffi","observacao":"","resultado":"","texto_original":"http://sapl.fozdoiguacu.pr.leg.br/media/sapl/public/materialegislativa/2023/39719/nova_redacao_ao_plc_18-2023.pdf","data_ultima_atualizacao":"2023-10-20T09:36:23.845989-03:00","ip":"45.168.250.249","ultima_edicao":"2023-10-16T12:19:49.831807-03:00","tipo":7,"regime_tramitacao":2,"tipo_origem_externa":23,"local_origem_externa":2,"user":15,"anexadas":[39722,39798],"autores":[82]}