{"id":43596,"__str__":"Indica\u00e7\u00e3o n\u00ba 755 de 2024","link_detail_backend":"/materia/43596","metadata":{},"numero":755,"ano":2024,"numero_protocolo":null,"data_apresentacao":"2024-07-22","tipo_apresentacao":"","data_publicacao":null,"numero_origem_externa":"","ano_origem_externa":null,"data_origem_externa":null,"apelido":"","dias_prazo":null,"data_fim_prazo":null,"em_tramitacao":false,"polemica":false,"objeto":"","complementar":false,"ementa":"Indica ao Diretor-Superintendente do FOZTRANS melhorias no sistema do transporte coletivo p\u00fablico do Alto da Boa Vista no que tange aos hor\u00e1rios/linhas e sinaliza\u00e7\u00e3o vertical, conforme especifica.","indexacao":"FOZTRANS melhorias no sistema do transporte coletivo p\u00fablico do Alto da Boa Vista no que tange aos hor\u00e1rios/linhas e sinaliza\u00e7\u00e3o vertical Alto da Boa Vista (ABV) \u2013 \u00c1rea Rural Rua Manoel Laurindo Rua dos Ip\u00eas","observacao":"","resultado":"","texto_original":"http://sapl.fozdoiguacu.pr.leg.br/media/sapl/public/materialegislativa/2024/43596/755_-_2024_-_adnan_-_horario_onibus_foztrans_ass.pdf","data_ultima_atualizacao":"2025-10-21T09:11:57.720255-03:00","ip":"45.168.250.249","ultima_edicao":"2024-07-23T09:09:09.016150-03:00","tipo":1,"regime_tramitacao":1,"tipo_origem_externa":null,"local_origem_externa":null,"user":24,"anexadas":[],"autores":[198]}