{"id":45316,"__str__":"Requerimento n\u00ba 70 de 2025","link_detail_backend":"/materia/45316","metadata":{},"numero":70,"ano":2025,"numero_protocolo":null,"data_apresentacao":"2025-02-13","tipo_apresentacao":"","data_publicacao":null,"numero_origem_externa":"","ano_origem_externa":null,"data_origem_externa":null,"apelido":"","dias_prazo":null,"data_fim_prazo":null,"em_tramitacao":false,"polemica":false,"objeto":"","complementar":false,"ementa":"Requer a realiza\u00e7\u00e3o de Audi\u00eancia P\u00fablica para debater assuntos relacionados as pol\u00edticas p\u00fablicas voltadas ao tratamento e diagn\u00f3stico de pessoas com Transtorno do Espectro Autista \u2013TEA em Foz do Igua\u00e7u.","indexacao":"Requer a realiza\u00e7\u00e3o de Audi\u00eancia P\u00fablica para debater assuntos relacionados as pol\u00edticas p\u00fablicas voltadas ao tratamento e diagn\u00f3stico de pessoas com Transtorno do Espectro Autista \u2013TEA em Foz do Igua\u00e7u.","observacao":"","resultado":"","texto_original":"http://sapl.fozdoiguacu.pr.leg.br/media/sapl/public/materialegislativa/2025/45316/70_-_2025_-_anice_-_audiencia_publica_autismo_ass.pdf","data_ultima_atualizacao":"2025-03-27T11:12:20.371761-03:00","ip":"177.36.180.90","ultima_edicao":"2025-02-27T13:13:09.618205-03:00","tipo":2,"regime_tramitacao":1,"tipo_origem_externa":null,"local_origem_externa":null,"user":14,"anexadas":[],"autores":[126]}