{"id":51465,"__str__":"Emenda ao Or\u00e7amento n\u00ba 27 de 2025","link_detail_backend":"/materia/51465","metadata":{},"numero":27,"ano":2025,"numero_protocolo":null,"data_apresentacao":"2025-11-07","tipo_apresentacao":"","data_publicacao":null,"numero_origem_externa":"","ano_origem_externa":null,"data_origem_externa":null,"apelido":"","dias_prazo":null,"data_fim_prazo":null,"em_tramitacao":false,"polemica":false,"objeto":"","complementar":false,"ementa":"EMENDA 027 / 2025 - EXECU\u00c7\u00c3O OBRIGAT\u00d3RIA - \u00c1REA SA\u00daDE\r\nAux\u00edlio \u00e0 Associa\u00e7\u00e3o Crist\u00e3 dos Deficientes F\u00edsicos - ACDD, para aquisi\u00e7\u00e3o de bens permanentes, aux\u00edlio para investimentos, reforma e constru\u00e7\u00e3o.","indexacao":"EMENDA 027 / 2025 - EXECU\u00c7\u00c3O OBRIGAT\u00d3RIA - \u00c1REA SA\u00daDE\r\nAux\u00edlio \u00e0 Associa\u00e7\u00e3o Crist\u00e3 dos Deficientes F\u00edsicos - ACDD, para aquisi\u00e7\u00e3o de bens permanentes, aux\u00edlio para investimentos, reforma e constru\u00e7\u00e3o.","observacao":"","resultado":"","texto_original":"http://sapl.fozdoiguacu.pr.leg.br/media/sapl/public/materialegislativa/2025/51465/027_-_ranieri_-_saude_-_ass.pdf","data_ultima_atualizacao":"2025-12-19T11:11:06.689620-03:00","ip":"177.36.180.90","ultima_edicao":"2025-12-16T14:41:52.650714-03:00","tipo":46,"regime_tramitacao":2,"tipo_origem_externa":null,"local_origem_externa":null,"user":3,"anexadas":[],"autores":[429,431,438,434,436]}