{"id":51468,"__str__":"Emenda ao Or\u00e7amento n\u00ba 28 de 2025","link_detail_backend":"/materia/51468","metadata":{},"numero":28,"ano":2025,"numero_protocolo":null,"data_apresentacao":"2025-11-07","tipo_apresentacao":"","data_publicacao":null,"numero_origem_externa":"","ano_origem_externa":null,"data_origem_externa":null,"apelido":"","dias_prazo":null,"data_fim_prazo":null,"em_tramitacao":false,"polemica":false,"objeto":"","complementar":false,"ementa":"EMENDA 028 / 2025 - EXECU\u00c7\u00c3O OBRIGAT\u00d3RIA - \u00c1REA SA\u00daDE\r\nContribui\u00e7\u00e3o \u00e0  Associa\u00e7\u00e3o Fraternidade Alian\u00e7a - AFA,  para aquisi\u00e7\u00e3o de materiais de consumo, contrata\u00e7\u00e3o de servi\u00e7os e manuten\u00e7\u00e3o da Entidade","indexacao":"EMENDA 028 / 2025 - EXECU\u00c7\u00c3O OBRIGAT\u00d3RIA - \u00c1REA SA\u00daDE\r\nContribui\u00e7\u00e3o \u00e0  Associa\u00e7\u00e3o Fraternidade Alian\u00e7a - AFA,  para aquisi\u00e7\u00e3o de materiais de consumo, contrata\u00e7\u00e3o de servi\u00e7os e manuten\u00e7\u00e3o da Entidade","observacao":"","resultado":"","texto_original":"http://sapl.fozdoiguacu.pr.leg.br/media/sapl/public/materialegislativa/2025/51468/028_-_ranieri_-_saude_-_ass.pdf","data_ultima_atualizacao":"2025-12-19T11:11:06.826359-03:00","ip":"177.36.180.90","ultima_edicao":"2025-12-16T14:44:08.979999-03:00","tipo":46,"regime_tramitacao":2,"tipo_origem_externa":null,"local_origem_externa":null,"user":3,"anexadas":[],"autores":[438]}