{"id":52989,"__str__":"Requerimento n\u00ba 211 de 2026","link_detail_backend":"/materia/52989","metadata":{},"numero":211,"ano":2026,"numero_protocolo":null,"data_apresentacao":"2026-03-17","tipo_apresentacao":"","data_publicacao":null,"numero_origem_externa":"","ano_origem_externa":null,"data_origem_externa":null,"apelido":"","dias_prazo":null,"data_fim_prazo":null,"em_tramitacao":true,"polemica":false,"objeto":"","complementar":false,"ementa":"Requer do Diretor-Superintendente do FOZTRANS, informa\u00e7\u00f5es acerca do funcionamento dos recursos de acessibilidade para pessoas com defici\u00eancia visual no aplicativo \u00danico FOZTRANS, conforme especifica.","indexacao":"informa\u00e7\u00f5es:\r\n\r\n1-\tOs recursos de acessibilidade destinados \u00e0s pessoas com defici\u00eancia visual disponibilizados no aplicativo \u00danico FOZTRANS continuam em pleno funcionamento?\r\n\r\na)\tQuais s\u00e3o atualmente as funcionalidades de acessibilidade dispon\u00edveis no aplicativo voltadas \u00e0s pessoas com defici\u00eancia visual?\r\nb)\tHouve, nos \u00faltimos 12 (doze) meses, atualiza\u00e7\u00e3o, suspens\u00e3o ou altera\u00e7\u00e3o dessas funcionalidades?\r\nc)\tO FOZTRANS realiza monitoramento ou avalia\u00e7\u00e3o peri\u00f3dica do funcionamento desses recursos de acessibilidade?","observacao":"","resultado":"","texto_original":"http://sapl.fozdoiguacu.pr.leg.br/media/sapl/public/materialegislativa/2026/52989/211_-_2026_-_ranieri_-_app.unico_foztrans.ass.pdf","data_ultima_atualizacao":"2026-04-10T11:41:58.739355-03:00","ip":"201.47.62.250","ultima_edicao":"2026-03-17T11:04:07.383411-03:00","tipo":2,"regime_tramitacao":1,"tipo_origem_externa":null,"local_origem_externa":null,"user":47,"anexadas":[],"autores":[438]}