{"id":53216,"__str__":"Indica\u00e7\u00e3o n\u00ba 887 de 2026","link_detail_backend":"/materia/53216","metadata":{},"numero":887,"ano":2026,"numero_protocolo":null,"data_apresentacao":"2026-03-25","tipo_apresentacao":"","data_publicacao":null,"numero_origem_externa":"","ano_origem_externa":null,"data_origem_externa":null,"apelido":"","dias_prazo":null,"data_fim_prazo":null,"em_tramitacao":true,"polemica":false,"objeto":"","complementar":false,"ementa":"Indica ao Prefeito a cria\u00e7\u00e3o de uma feira de produtos coloniais, hortifr\u00fati, granjeiros e artesanato na Avenida Ayrton Senna , no novo trecho entre a Avenida Rep\u00fablica Argentina e a Rua Interlagos","indexacao":"cria\u00e7\u00e3o de uma feira de produtos coloniais, hortifr\u00fati, granjeiros e artesanato na Avenida Ayrton Senna, no novo trecho recentemente implantado entre a Avenida Rep\u00fablica Argentina e a Rua Interlagos, em raz\u00e3o do potencial econ\u00f4mico e do grande fluxo de consumidores existente no local","observacao":"","resultado":"","texto_original":"http://sapl.fozdoiguacu.pr.leg.br/media/sapl/public/materialegislativa/2026/53216/887_-_2026_-_bosco_-_feira_ass.pdf","data_ultima_atualizacao":"2026-04-16T09:26:40.094056-03:00","ip":"177.73.100.169","ultima_edicao":"2026-03-26T21:38:56.118502-03:00","tipo":1,"regime_tramitacao":1,"tipo_origem_externa":null,"local_origem_externa":null,"user":5,"anexadas":[],"autores":[432]}