{"id":53509,"__str__":"Indica\u00e7\u00e3o n\u00ba 1183 de 2026","link_detail_backend":"/materia/53509","metadata":{},"numero":1183,"ano":2026,"numero_protocolo":null,"data_apresentacao":"2026-03-30","tipo_apresentacao":"","data_publicacao":null,"numero_origem_externa":"","ano_origem_externa":null,"data_origem_externa":null,"apelido":"","dias_prazo":null,"data_fim_prazo":null,"em_tramitacao":false,"polemica":false,"objeto":"","complementar":false,"ementa":"Indica ao Prefeito Municipal de Foz do Igua\u00e7u a realiza\u00e7\u00e3o da retirada de lixo acumulado nas cal\u00e7adas da Avenida Morenitas esquina com a Rua Palometa, no bairro Porto Meira.","indexacao":"Indica ao Prefeito Municipal de Foz do Igua\u00e7u a realiza\u00e7\u00e3o da retirada de lixo acumulado nas cal\u00e7adas da Avenida Morenitas esquina com a Rua Palometa, no bairro Porto Meira.","observacao":"","resultado":"","texto_original":"http://sapl.fozdoiguacu.pr.leg.br/media/sapl/public/materialegislativa/2026/53509/1183_-_2026_-_professora_marcia_-_retirada_de_lixo_acumulado_ass.pdf","data_ultima_atualizacao":"2026-04-08T12:46:20.670802-03:00","ip":"177.36.180.90","ultima_edicao":"2026-03-30T11:50:38.122523-03:00","tipo":1,"regime_tramitacao":1,"tipo_origem_externa":null,"local_origem_externa":null,"user":5,"anexadas":[],"autores":[435]}