{"id":6696,"__str__":"Mo\u00e7\u00e3o n\u00ba 26 de 2019","link_detail_backend":"/materia/6696","metadata":{},"numero":26,"ano":2019,"numero_protocolo":null,"data_apresentacao":"2019-10-10","tipo_apresentacao":"","data_publicacao":null,"numero_origem_externa":"","ano_origem_externa":null,"data_origem_externa":null,"apelido":"","dias_prazo":null,"data_fim_prazo":null,"em_tramitacao":false,"polemica":null,"objeto":"","complementar":null,"ementa":"\u00c0 COMUNIDADE LIBANESA DE FOZ DO IGUA\u00c7U, NA PESSOA DO C\u00d4NSUL DO L\u00cdBANO, RUDY EL AZZI.","indexacao":"comunidade libanesa","observacao":"","resultado":"","texto_original":"http://sapl.fozdoiguacu.pr.leg.br/media/sapl/public/materialegislativa/2019/6696/26_-_2019_-_marino_-_aplauso_-_comunidade_libanesa_ass.pdf","data_ultima_atualizacao":"2024-06-21T10:07:33.076257-03:00","ip":"177.73.103.130","ultima_edicao":null,"tipo":3,"regime_tramitacao":1,"tipo_origem_externa":null,"local_origem_externa":null,"user":6,"anexadas":[],"autores":[126,50,51,141,142,14,52,53,54,55,127,56,4,58,60]}