{"id":6705,"__str__":"Indica\u00e7\u00e3o n\u00ba 1376 de 2019","link_detail_backend":"/materia/6705","metadata":{},"numero":1376,"ano":2019,"numero_protocolo":null,"data_apresentacao":"2019-10-11","tipo_apresentacao":"","data_publicacao":null,"numero_origem_externa":"","ano_origem_externa":null,"data_origem_externa":null,"apelido":"","dias_prazo":null,"data_fim_prazo":null,"em_tramitacao":true,"polemica":null,"objeto":"","complementar":null,"ementa":"Indica ao Prefeito Municipal a nomea\u00e7\u00e3o da pra\u00e7a do bairro Conjunto Residencial Apor\u00e3 em homenagem ao Sr. Jorge Bonini, conforme especifica.","indexacao":"nomea\u00e7\u00e3o da pra\u00e7a do bairro Conjunto Residencial Apor\u00e3, atual Bairro Ip\u00ea, em homenagem ao Sr. Jorge Bonini, um dos pioneiros de Foz do Igua\u00e7u.","observacao":"","resultado":"","texto_original":"http://sapl.fozdoiguacu.pr.leg.br/media/sapl/public/materialegislativa/2019/6705/1376_-_2019_-_ines_-_nomeacao_da_praca_ass.pdf","data_ultima_atualizacao":"2019-10-15T11:27:34.170694-03:00","ip":"177.73.103.130","ultima_edicao":null,"tipo":1,"regime_tramitacao":1,"tipo_origem_externa":null,"local_origem_externa":null,"user":6,"anexadas":[],"autores":[53]}